{"id":57188,"date":"2024-05-23T13:46:53","date_gmt":"2024-05-23T13:46:53","guid":{"rendered":"https:\/\/ilum.cnpem.br\/discentes-da-ufabc-podem-concorrer-a-vagas-de-mobilidade-academica-na-ilum-escola-de-ciencia\/"},"modified":"2024-09-18T14:17:57","modified_gmt":"2024-09-18T14:17:57","slug":"discentes-da-ufabc-podem-concorrer-a-vagas-de-mobilidade-academica-na-ilum-escola-de-ciencia","status":"publish","type":"post","link":"https:\/\/ilum.cnpem.br\/en\/discentes-da-ufabc-podem-concorrer-a-vagas-de-mobilidade-academica-na-ilum-escola-de-ciencia\/","title":{"rendered":"Discentes da UFABC podem concorrer a vagas de mobilidade acad\u00eamica na Ilum Escola de Ci\u00eancia"},"content":{"rendered":"\n<p><a href=\"https:\/\/www.ufabc.edu.br\/noticias\/discentes-da-ufabc-podem-concorrer-a-vagas-de-mobilidade-academica-na-ilum-escola-de-ciencia#\" data-type=\"link\" data-id=\"https:\/\/www.ufabc.edu.br\/noticias\/discentes-da-ufabc-podem-concorrer-a-vagas-de-mobilidade-academica-na-ilum-escola-de-ciencia#\">Publicado originalmente em UFABC<\/a> em 23 de maio de 2024 (este t\u00edtulo foi alterado)<\/p>\n\n<p>Estudantes do Bacharelado em Ci\u00eancia e Tecnologia da UFABC t\u00eam a oportunidade de cursar um semestre na Ilum Escola de Ci\u00eancia, em Campinas-SP, por meio de um programa de mobilidade acad\u00eamica gratuito.<\/p>\n\n<p>A Ilum \u00e9 uma institui\u00e7\u00e3o de ensino superior inovadora que oferece um modelo de ensino interdisciplinar em Ci\u00eancia e Tecnologia. A institui\u00e7\u00e3o \u00e9 uma iniciativa do Centro Nacional de Pesquisa em Energia e Materiais (CNPEM), organiza\u00e7\u00e3o que integra os laborat\u00f3rios nacionais de refer\u00eancia para pesquisas em diversas \u00e1reas, como sa\u00fade, biotecnologia, energia renov\u00e1vel, ci\u00eancias agroambientais, materiais renov\u00e1veis e tecnologias qu\u00e2nticas. <\/p>\n\n<p>A mobilidade oferece a oportunidade para os alunos selecionados de participar do sexto semestre (\u00faltimo semestre) do curso de Bacharelado em Ci\u00eancia e Tecnologia da Ilum. Durante este per\u00edodo, os alunos far\u00e3o uma disciplina de t\u00f3picos avan\u00e7ados (30 horas), que pode ser escolhida entre as \u00e1reas de ci\u00eancias de dados, da mat\u00e9ria e da vida, al\u00e9m de dedicarem-se \u00e0 realiza\u00e7\u00e3o do projeto final (300 horas). <\/p>\n\n<p>Poder\u00e3o se inscrever para concorrer \u00e0s vagas apenas alunos provenientes do 6\u00ba, 7\u00ba ou 8\u00ba quadrimestre do curso de Bacharelado em Ci\u00eancia e Tecnologia (BCT) da Universidade Federal do ABC (UFABC). Os candidatos selecionados receber\u00e3o moradia, vale-alimenta\u00e7\u00e3o, vale-refei\u00e7\u00e3o e transporte providos pela llum. <\/p>\n\n<p>As inscri\u00e7\u00f5es est\u00e3o abertas at\u00e9 9 de junho de 2024. Confira os requisitos e demais informa\u00e7\u00f5es sobre a sele\u00e7\u00e3o no <a href=\"https:\/\/prograd.ufabc.edu.br\/pdf\/edital_mobilidade_Ilum_UFABC_2024.pdf\" target=\"_blank\" rel=\"noreferrer noopener\">edital do processo seletivo (PDF)<\/a>. <\/p>\n\n<p>Outras informa\u00e7\u00f5es no site: <a href=\"https:\/\/ilum.cnpem.br\/en\/\" target=\"_blank\" rel=\"noreferrer noopener\">ilum.cnpem.br<\/a>.<\/p>\n\n<h3 class=\"wp-block-heading\"><strong>Acordo de parceria<\/strong><\/h3>\n\n<p>Nesta semana, no dia 21 de maio, o reitor da UFABC, D\u00e1cio Matheus, assinou um acordo de parceria com a Ilum Escola de Ci\u00eancia. Esse termo entre a ILUM e a UFABC permitir\u00e1 aos discentes da Universidade realizarem mobilidade acad\u00eamica na ILUM e fomentar que egressos da Ilum venham continuar sua forma\u00e7\u00e3o espec\u00edfica na UFABC. <\/p>\n\n<p>Atualmente, o Diretor da Ilum Escola de Ci\u00eancia\/CNPEM \u00e9 o professor Adalberto Fazzio. O f\u00edsico foi um dos respons\u00e1veis pela implanta\u00e7\u00e3o do modelo interdisciplinar da UFABC, da qual foi reitor entre 2008 e 2010. <\/p>\n\n<p><\/p>\n\n<hr class=\"wp-block-separator has-alpha-channel-opacity\"\/>\n\n<p>Assessoria de Comunica\u00e7\u00e3o e Imprensa &#8211; UFABC<\/p>\n\n<p><\/p>\n","protected":false},"excerpt":{"rendered":"<p>Publicado originalmente em UFABC em 23 de maio de 2024 (este t\u00edtulo foi alterado) Estudantes do Bacharelado em Ci\u00eancia e Tecnologia da UFABC t\u00eam a oportunidade de cursar um semestre na Ilum Escola de Ci\u00eancia, em Campinas-SP, por meio de um programa de mobilidade acad\u00eamica gratuito. A Ilum \u00e9 uma institui\u00e7\u00e3o de ensino superior inovadora&hellip;<\/p>\n","protected":false},"author":5,"featured_media":57039,"comment_status":"closed","ping_status":"closed","sticky":false,"template":"","format":"standard","meta":{"_monsterinsights_skip_tracking":false,"_monsterinsights_sitenote_active":false,"_monsterinsights_sitenote_note":"","_monsterinsights_sitenote_category":0,"footnotes":"","_links_to":"","_links_to_target":""},"categories":[534],"tags":[],"class_list":["post-57188","post","type-post","status-publish","format-standard","has-post-thumbnail","hentry","category-noticias-en","category-534","description-off"],"_links":{"self":[{"href":"https:\/\/ilum.cnpem.br\/en\/wp-json\/wp\/v2\/posts\/57188","targetHints":{"allow":["GET"]}}],"collection":[{"href":"https:\/\/ilum.cnpem.br\/en\/wp-json\/wp\/v2\/posts"}],"about":[{"href":"https:\/\/ilum.cnpem.br\/en\/wp-json\/wp\/v2\/types\/post"}],"author":[{"embeddable":true,"href":"https:\/\/ilum.cnpem.br\/en\/wp-json\/wp\/v2\/users\/5"}],"replies":[{"embeddable":true,"href":"https:\/\/ilum.cnpem.br\/en\/wp-json\/wp\/v2\/comments?post=57188"}],"version-history":[{"count":0,"href":"https:\/\/ilum.cnpem.br\/en\/wp-json\/wp\/v2\/posts\/57188\/revisions"}],"wp:featuredmedia":[{"embeddable":true,"href":"https:\/\/ilum.cnpem.br\/en\/wp-json\/wp\/v2\/media\/57039"}],"wp:attachment":[{"href":"https:\/\/ilum.cnpem.br\/en\/wp-json\/wp\/v2\/media?parent=57188"}],"wp:term":[{"taxonomy":"category","embeddable":true,"href":"https:\/\/ilum.cnpem.br\/en\/wp-json\/wp\/v2\/categories?post=57188"},{"taxonomy":"post_tag","embeddable":true,"href":"https:\/\/ilum.cnpem.br\/en\/wp-json\/wp\/v2\/tags?post=57188"}],"curies":[{"name":"wp","href":"https:\/\/api.w.org\/{rel}","templated":true}]}}